{"id":1481,"date":"2015-09-09T03:25:31","date_gmt":"2015-09-09T02:25:31","guid":{"rendered":"http:\/\/www.krutomyval.com\/?p=1481"},"modified":"2015-09-09T03:35:18","modified_gmt":"2015-09-09T02:35:18","slug":"krutomyval-uvedomele-rozparovani-aneb-o-2-vteriny-vic-nez-bylo-treba","status":"publish","type":"post","link":"https:\/\/www.krutomyval.com\/?p=1481","title":{"rendered":"Krutom\u00fdval: Uv\u011bdom\u011bl\u00e9 Rozp\u00e1rov\u00e1n\u00ed, aneb: O dv\u011b vte\u0159iny v\u00edc ne\u017e bylo t\u0159eba"},"content":{"rendered":"<p style=\"text-align: justify;\">1. Nejprve jsem se p\u0159esv\u011bd\u010dil, \u017ee m\u00e1 na mne chvilku \u010das. \u017de si k tomu oba budeme moci v klidu sednout, nebudeme nikam sp\u011bchat, dovol\u00edme si ten luxus odlo\u017een\u00ed telefon\u016f, zaklapnut\u00ed po\u010d\u00edta\u010d\u016f, a pohl\u00ed\u017een\u00ed si z o\u010d\u00ed do o\u010d\u00ed.<\/p>\n<p style=\"text-align: justify;\">2. Nebo tedy, v m\u00e9m p\u0159\u00edpad\u011b, \u00a0budu se j\u00ed sna\u017eit d\u00edvat do o\u010d\u00ed, ale z pocitu studu, provin\u011bn\u00ed, a strachu z toho, \u017ee ned\u011bl\u00e1m spr\u00e1vn\u00e9 rozhodnut\u00ed, budu pohledem ob\u010das t\u011bkat po m\u00edstnosti.<!--more--><\/p>\n<p style=\"text-align: justify;\">3. V ruce jsem m\u011bl pap\u00edr s p\u0159ipraven\u00fdm textem. Hesla, kter\u00e1 mi maj\u00ed pomoci vyj\u00e1d\u0159it, pro\u010d to d\u011bl\u00e1m. Pro\u010d se s n\u00ed chci rozej\u00edt. Mysl\u00edm, \u017ee po t\u011bch 9 letech, kter\u00e9 mi dala, a t\u00fd l\u00e1sce a p\u00e9\u010di, co mi v\u011bnovala, si to zaslou\u017e\u00ed. V\u011bd\u011bt pro\u010d.<\/p>\n<p style=\"text-align: justify;\">4. Na pap\u00edrku bylo: &#8222;<em>Pot\u0159ebuju zm\u011bnu. Nechci douhodob\u00fd exkluzivn\u00ed vztah. Nejsem v n\u011bm \u0161\u0165astn\u00fd. Nemiluju t\u011b. \u00a0A kdy\u017e si zm\u00ednila, \u017ee by mo\u017en\u00e1 bylo lep\u0161\u00ed se rozej\u00edt, a sama si to navrhla, do\u0161lo mi, \u017ee to opravdu chci.&#8220;<\/em> \u00a0\u0158\u00edkal jsem si, \u017ee je f\u00e9r, \u0159\u00edct to, co si opravdu mysl\u00edm. A nebalit to do n\u011bjak\u00e9ho &#8222;<em>d\u00e1me si pauzu a uvid\u00edme<\/em>&#8222;, nebo &#8222;<em>nen\u00ed to tebou, je to mnou<\/em>&#8222;. I kdy\u017e to j\u00ed p\u0159\u00edmo nebylo, to je fakt.<\/p>\n<p style=\"text-align: justify;\">5. Byla na m\u011b v\u017edy nesm\u00edrn\u011b hodn\u00e1. V\u00e1\u017e\u00ed si m\u011b. V\u011b\u0159\u00edm j\u00ed, \u017ee m\u011b skute\u010dn\u011b miluje. Nech\u00e1v\u00e1 mi naprostou svobodu. Co v\u00edm, nikdy se mi nehrabala v telefonu, neprohl\u00ed\u017eela mi kapsy kab\u00e1tu, nezpov\u00eddala moje kamar\u00e1dy, neroz\u010dilovala se kam zas jdu anebo kdy p\u0159ijdu. Ud\u011blala mi v\u017edy pomy\u0161len\u00ed.<\/p>\n<p style=\"text-align: justify;\">6. Ne! Vzpamatuj se. Kdy\u017e j\u00ed nemiluje\u0161, nen\u00ed co \u0159e\u0161it. \u00a0Bu\u010f chlap. Kdy\u017e te\u010f z\u016fstane\u0161, za chvilku j\u00ed za\u010dne\u0161 akor\u00e1t nesn\u00e1\u0161et. Podv\u00e1d\u011bt. Pomlouvat. A skon\u010d\u00ed to ohromn\u00fdm pr\u016fserem, kdy oba budete l\u00e9zt po zdech zlost\u00ed. D\u00e1 se tomu p\u0159edej\u00edt, poku\u010f to te\u010f \u010destn\u011b a up\u0159\u00edmn\u011b zabal\u00ed\u0161.<\/p>\n<p style=\"text-align: justify;\">7. Koukal jsem do t\u011bch jej\u00edch modr\u00fdch o\u010d\u00ed. Trochu t\u0159aslav\u00fdm hlasem j\u00ed p\u0159e\u010detl co bylo na pap\u00edrku a doplnil o p\u00e1r nep\u0159ipraven\u00fdch v\u011bt. Byla evidentn\u011b zasko\u010den\u00e1. Za\u010dala \u0159\u00edkat, \u017ee m\u011b nechce ztratit. \u017de t\u011bch 9 let bylo n\u00e1dhern\u00fdch. A co pr\u00fd by mohla ud\u011blat, abych si to rozmyslel.<\/p>\n<p style=\"text-align: justify;\">8. M\u00e1 shodit 7 kilo? M\u00e1 mi p\u0159iv\u00e9st do postele kamar\u00e1dku? P\u0159ebarvit si vlasy na zrz, nechat zv\u011bt\u0161it prsa, \u010dast\u011bji mne or\u00e1ln\u011b uspokojovat? Co m\u016f\u017ee ud\u011blat pro to, abych j\u00ed neopou\u0161t\u011bl?<\/p>\n<p style=\"text-align: justify;\">9. C\u00edtil jsem se provinile, kdy\u017e jsem si uv\u011bdomil, \u017ee z n\u011bjak\u00e9 zvr\u00e1cen\u00e9 strany mi lichot\u00ed, jak se o m\u011b sna\u017e\u00ed, jak bojuje. Z posledn\u00edch sil jsem hlesl: &#8222;<em>promi\u0148. Je mi to l\u00edto<\/em>. <em>Ale nejsem takhle \u0161\u0165astn\u00fd. Chci svobodu.&#8220;<\/em> Sklonila hlavu, poslu\u0161n\u011b, jako v\u017edycky, chvilku hled\u011bla z okna, a pak \u0159ekla: &#8222;P<em>okud tohle je zm\u011bna, kterou pot\u0159ebuje\u0161, nebudu ti st\u00e1t v cest\u011b. &#8222;<\/em> Pod\u011bkoval jsem, a pomalu se j\u00ed cht\u011bl odplazil z dohledu.<\/p>\n<p style=\"text-align: justify;\">10. \u010cekal jsem, \u017ee se mi hned jak se od n\u00ed odvr\u00e1t\u00edm ulev\u00ed. Ale nic takov\u00e9ho nep\u0159i\u0161lo.\u00a0Kurva, ned\u011bl\u00e1m ohromnou chybu? Nesta\u010d\u00ed, \u017ee j\u00ed nem\u00e1m nerad? Mus\u00edm j\u00ed milovat, mus\u00ed m\u011b bavit, p\u0159itahovat, zaj\u00edmat, mus\u00edm cht\u00edt po\u0159\u00e1d hledat \u00a0to zatracen\u00fd \u0161t\u011bst\u00ed? M\u00e1m v\u016fbec pr\u00e1vo, cht\u00edt po n\u00ed, aby m\u011b d\u011blala \u0161tastn\u00fdm? Nem\u011bl bych b\u00fdt schopen toho dos\u00e1hnout s\u00e1m? Oto\u010dil jsem se ve dve\u0159\u00edch, a nechal j\u00ed tak ty 2 dal\u0161\u00ed vte\u0159iny. Na to, aby \u0159ekla: &#8222;d<em>ej mi je\u0161t\u011b \u0161anci t\u011b p\u0159esv\u011bd\u010dit<\/em>&#8222;. Unaven\u011b jsem k\u00fdvl, a cestou z jej\u00edho bytu p\u0159em\u00fd\u0161lel, kdo z n\u00e1s pr\u00e1v\u011b vlastn\u011b uv\u00e1zal kter\u00fd konec t\u00e9 smy\u010dky.<\/p>\n","protected":false},"excerpt":{"rendered":"<p>1. Nejprve jsem se p\u0159esv\u011bd\u010dil, \u017ee m\u00e1 na mne chvilku \u010das. \u017de si k tomu oba budeme moci v klidu sednout, nebudeme nikam sp\u011bchat, dovol\u00edme si ten luxus odlo\u017een\u00ed telefon\u016f, zaklapnut\u00ed po\u010d\u00edta\u010d\u016f, a pohl\u00ed\u017een\u00ed si z o\u010d\u00ed do o\u010d\u00ed. 2. Nebo tedy, v m\u00e9m p\u0159\u00edpad\u011b, \u00a0budu se j\u00ed sna\u017eit d\u00edvat do o\u010d\u00ed, ale z pocitu &hellip; <a href=\"https:\/\/www.krutomyval.com\/?p=1481\" class=\"more-link\">Pokra\u010dov\u00e1n\u00ed textu <span class=\"screen-reader-text\">Krutom\u00fdval: Uv\u011bdom\u011bl\u00e9 Rozp\u00e1rov\u00e1n\u00ed, aneb: O dv\u011b vte\u0159iny v\u00edc ne\u017e bylo t\u0159eba<\/span> <span class=\"meta-nav\">&rarr;<\/span><\/a><\/p>\n","protected":false},"author":1,"featured_media":0,"comment_status":"open","ping_status":"open","sticky":false,"template":"","format":"standard","meta":{"_editorskit_title_hidden":false,"_editorskit_reading_time":0,"_editorskit_is_block_options_detached":false,"_editorskit_block_options_position":"{}"},"categories":[4,7],"tags":[],"_links":{"self":[{"href":"https:\/\/www.krutomyval.com\/index.php?rest_route=\/wp\/v2\/posts\/1481"}],"collection":[{"href":"https:\/\/www.krutomyval.com\/index.php?rest_route=\/wp\/v2\/posts"}],"about":[{"href":"https:\/\/www.krutomyval.com\/index.php?rest_route=\/wp\/v2\/types\/post"}],"author":[{"embeddable":true,"href":"https:\/\/www.krutomyval.com\/index.php?rest_route=\/wp\/v2\/users\/1"}],"replies":[{"embeddable":true,"href":"https:\/\/www.krutomyval.com\/index.php?rest_route=%2Fwp%2Fv2%2Fcomments&post=1481"}],"version-history":[{"count":16,"href":"https:\/\/www.krutomyval.com\/index.php?rest_route=\/wp\/v2\/posts\/1481\/revisions"}],"predecessor-version":[{"id":1497,"href":"https:\/\/www.krutomyval.com\/index.php?rest_route=\/wp\/v2\/posts\/1481\/revisions\/1497"}],"wp:attachment":[{"href":"https:\/\/www.krutomyval.com\/index.php?rest_route=%2Fwp%2Fv2%2Fmedia&parent=1481"}],"wp:term":[{"taxonomy":"category","embeddable":true,"href":"https:\/\/www.krutomyval.com\/index.php?rest_route=%2Fwp%2Fv2%2Fcategories&post=1481"},{"taxonomy":"post_tag","embeddable":true,"href":"https:\/\/www.krutomyval.com\/index.php?rest_route=%2Fwp%2Fv2%2Ftags&post=1481"}],"curies":[{"name":"wp","href":"https:\/\/api.w.org\/{rel}","templated":true}]}}