{"id":2634,"date":"2020-06-12T21:08:02","date_gmt":"2020-06-12T20:08:02","guid":{"rendered":"http:\/\/www.krutomyval.com\/?p=2634"},"modified":"2020-06-12T22:43:54","modified_gmt":"2020-06-12T21:43:54","slug":"krutomyval-proc-me-neexistujici-buh-tresta-je-jasne","status":"publish","type":"post","link":"https:\/\/www.krutomyval.com\/?p=2634","title":{"rendered":"Krutom\u00fdval: Pro\u010d m\u011b neexistuj\u00edc\u00ed B\u016fh trest\u00e1 je jasn\u00e9."},"content":{"rendered":"<p style=\"text-align: justify;\">1. \u010clov\u011bk si jednou dvakr\u00e1t za\u017eehr\u00e1 na to \u017ee se mu st\u00fdsk\u00e1 po pandemick\u00e9m peklu, kter\u00e9 mu umo\u017e\u0148ovalo slastn\u011b nic ned\u011blat a u\u017e ho osud\/b\u016fh\/n\u00e1hoda\/BillGates odm\u011bn\u00ed t\u00edm \u017ee mu zkomplikuje \u017eivot na n\u011bkolika jin\u00fdch \u00farovn\u00edch.<\/p>\n<p style=\"text-align: justify;\">2. Den po naps\u00e1n\u00ed minul\u00e9ho \u010dl\u00e1nku se tady rozpoutaly pochopiteln\u00e9 nepokoje ohledn\u011b nato\u010den\u00e9ho zabit\u00ed George Floyda, co\u017e pro n\u00e1s b\u00edl\u00e9 co \u017eijeme v Brooklynu jako rasov\u00e1 minorita znamenalo \u017ee se z bezprost\u0159edn\u00edho okol\u00ed na\u0161eho obydl\u00ed stalo epicentrum prostest\u016f a souvisej\u00edc\u00edch akc\u00ed.<!--more--><\/p>\n<p style=\"text-align: justify;\">3. Souvisej\u00edc\u00ed akce, kter\u00e9 doprov\u00e1zej\u00ed v\u011bt\u0161inu pokojn\u00fdch shrom\u00e1\u017ed\u011bn\u00ed, sou t\u0159eba i nonstop houkaj\u00edc\u00ed policejn\u00ed a po\u017e\u00e1rn\u00ed auta, ho\u0159\u00edc\u00ed budovy o blok vedle, policejn\u00ed helikopt\u00e9ra l\u00e9taj\u00edc\u00ed do 4 do r\u00e1na proklat\u011b n\u00edzko nad st\u0159echou kde se sna\u017e\u00edm usnout, v\u0161eobecn\u00fd bordel, hluk a tu a tam na ulici nad\u00e1vka do b\u00edl\u00fdch kund. Z \u010deho\u017e ta nad\u00e1vka je to nejm\u00e9n\u011b ru\u0161iv\u00e9.<\/p>\n<p style=\"text-align: justify;\">4. Tak\u017ee n\u00e1sleduj\u00edc\u00ed t\u00fdden m\u016fj sp\u00e1nkov\u00fd re\u017eim prob\u00edhal zhruba tak, \u017ee do 5 do r\u00e1na \u010dlov\u011bk sledoval, kde zrovna pobl\u00ed\u017e ho\u0159\u00ed nebo se st\u0159\u00edl\u00ed, za \u00fasvitu pak v\u0161echno ustalo tak\u017ee se \u0161lo sp\u00e1t, a cca od jedn\u00fd odpoledne n\u00e1sleduj\u00edc\u00edho dne u\u017e se zase rozjely v\u0161emo\u017en\u00e9 akce proti policejn\u00ed brutalit\u011b a souvsej\u00edc\u00edm probl\u00e9m\u016fm syst\u00e9mu, kter\u00fd minorit\u00e1m nep\u0159eje.<\/p>\n<p style=\"text-align: justify;\">5. Co\u017e je fakt, kter\u00fd nechci nijak zpochyb\u0148ovat, a kter\u00fd se mi p\u0159\u00ed\u010d\u00ed, ale tak\u00e9 je fakt, \u017ee korona krize produkovala zna\u010dn\u011b pohodov\u011bj\u0161\u00ed atmosf\u00e9ru, a \u010dlov\u011bk nem\u011bl pocit, \u017ee mus\u00ed sp\u00e1t s bejsbolkou u postele a evakua\u010dn\u00ed ta\u0161kou p\u0159ipravenou na okam\u017eit\u00e9 opu\u0161t\u011bn\u00ed bytu, kdyby za\u010dal ne\u0161\u0165astnou n\u00e1hodou, nebo n\u011b\u010d\u00edm \u00famysln\u00fdm p\u0159i\u010din\u011bn\u00edm, ho\u0159et.<\/p>\n<p style=\"text-align: justify;\">6. Nicm\u00e9n\u011b zd\u00e1 se, \u017ee protesty po n\u011bkolika dnech eskalace zna\u010dn\u011b zm\u00edrumilovn\u011bly, napomohl tomu asi i n\u011bkolikadenn\u00ed ve\u010den\u00ed z\u00e1kaz vych\u00e1zen\u00ed (jakoby se mi n\u011bkam ven v t\u00e9hle situaci cht\u011blo) a tak\u00e9 ur\u010dit\u011b apelace celebrit ze v\u0161ech kout\u016f sv\u011bta, \u00fap\u011bnliv\u011b nab\u00e1daj\u00edc\u00ed k tomu, aby t\u00e9m\u011b\u0159 ka\u017ed\u00fd b\u011bloch p\u0159iznal, \u017ee je sou\u010d\u00e1st\u00ed probl\u00e9mu.<\/p>\n<p style=\"text-align: justify;\">7. Jeliko\u017e proti rasismu aktivn\u011b vystupuji velkou \u010d\u00e1st sv\u00e9ho dosp\u011bl\u00e9ho \u017eivota, nem\u016f\u017eou m\u011b takov\u00e9hle modern\u00ed agita\u010dn\u00ed tlakov\u00e9 vlny zahnat do kouta s pocitem viny, jedin\u00fd v\u00fdsledek je, \u017ee je mi ob\u010das trapn\u011b, kdy\u017e vid\u00edm t\u0159eba na \u010desk\u00fdch soci\u00e1ln\u00edch s\u00edt\u00ed solid\u00e1rn\u00ed \u010dern\u00e9 \u010dtverce a v\u011bty na podporu americk\u00fdch \u010dernoch\u016f od lid\u00ed, u kter\u00fdch nebylo nikdy p\u0159edt\u00edm vid\u011bt, \u017ee by stejn\u00e9 pochopen\u00ed a snahu o systemickou zm\u011bnu m\u011bli i pro rasov\u00e9 a etnick\u00e9 men\u0161iny \u017eij\u00edc\u00ed na \u010desk\u00e9m \u00fazem\u00ed.<\/p>\n<p style=\"text-align: justify;\">8. Jin\u00fdmi slovy praktikuj\u00ed tzv. agitaci na sm\u011bny. R\u00e1no se to \u0159\u00edk\u00e1: &#8222;hele koukej ta Amerika jak je zl\u00e1, ni\u010d\u00ed tam \u010dernochy, to je ale nespravedlivost, mus\u00edme uk\u00e1zat \u017ee se n\u00e1m to hnus\u00ed&#8220; ale o p\u00e1r hodin pozd\u011bji nastoup\u00ed odpoledn\u00ed uva\u017eov\u00e1n\u00ed: &#8222;zasran\u00fd cik\u00e1ni, nemaka\u010denka to sou, \u017eejo&#8220;.<\/p>\n<p style=\"text-align: justify;\">9. Ale politiku stranou, m\u016fj vlastn\u00ed sobeck\u00fd prim\u00e1rn\u00ed z\u00e1jem je dostat se na n\u00e1v\u0161t\u011bvu do \u010cR, tud\u00ed\u017e moje snaha dostat se do Prahy nad\u00e1le pokra\u010duje, by\u0165 se r\u016fzn\u00e9 aerolinky sna\u017e\u00ed m\u011b p\u0159esv\u011bd\u010dit, \u017ee m\u00e1m z\u016fstat v New Yorku, t\u00edm \u017ee mi opakovan\u011b ru\u0161\u00ed letenky na lety, kter\u00e9 o p\u00e1r dn\u00ed p\u0159edt\u00edm av\u00edzovali jako &#8222;potvrzen\u00e9&#8220;.<\/p>\n<p style=\"text-align: justify;\">10. Posledn\u00ed (ji\u017e \u010dtvrtou) sadu letenek mi zru\u0161ili i m\u00ed milovan\u00ed Irov\u00e9, kte\u0159\u00ed maj\u00ed t\u00edmto u m\u011b prvn\u00ed vroubek, a moment\u00e1ln\u011b se jako nejrozumn\u011bj\u0161\u00ed jev\u00ed let\u011bt do z New Yorku \u00a0do Prahy p\u0159es Istanbul, s Turkama. Sice si tak let prodlou\u017e\u00edm o cca 5 hodin a riskuju deportaci (nezn\u00e1mo kam) v p\u0159\u00edpad\u011b \u017ee neprojdu v Turecku leti\u0161n\u00edm zdravotn\u00edm testem, ale zase jsou jedin\u00ed, kte\u0159\u00ed mi aspo\u0148 odpov\u011bd\u011bli na dotaz, jestli to jejich letadlo fakt polet\u00ed. Sice nesl\u00edbili nic, ale aspo\u0148 se ozvali. A to se po\u010d\u00edt\u00e1. Tak mi dr\u017ete palce, a\u0165 do toho \u010dervencov\u00e9ho odletu nechyntu koronu, neuho\u0159\u00edm ve sp\u00e1nku, nebo nevysko\u010d\u00edm z okna ze zoufalst\u00ed z dal\u0161\u00edho zru\u0161en\u00e9ho letu.<\/p>\n<p style=\"text-align: justify;\">\n","protected":false},"excerpt":{"rendered":"<p>1. \u010clov\u011bk si jednou dvakr\u00e1t za\u017eehr\u00e1 na to \u017ee se mu st\u00fdsk\u00e1 po pandemick\u00e9m peklu, kter\u00e9 mu umo\u017e\u0148ovalo slastn\u011b nic ned\u011blat a u\u017e ho osud\/b\u016fh\/n\u00e1hoda\/BillGates odm\u011bn\u00ed t\u00edm \u017ee mu zkomplikuje \u017eivot na n\u011bkolika jin\u00fdch \u00farovn\u00edch. 2. Den po naps\u00e1n\u00ed minul\u00e9ho \u010dl\u00e1nku se tady rozpoutaly pochopiteln\u00e9 nepokoje ohledn\u011b nato\u010den\u00e9ho zabit\u00ed George Floyda, co\u017e pro n\u00e1s b\u00edl\u00e9 &hellip; <a href=\"https:\/\/www.krutomyval.com\/?p=2634\" class=\"more-link\">Pokra\u010dov\u00e1n\u00ed textu <span class=\"screen-reader-text\">Krutom\u00fdval: Pro\u010d m\u011b neexistuj\u00edc\u00ed B\u016fh trest\u00e1 je jasn\u00e9.<\/span> <span class=\"meta-nav\">&rarr;<\/span><\/a><\/p>\n","protected":false},"author":1,"featured_media":0,"comment_status":"open","ping_status":"open","sticky":false,"template":"","format":"standard","meta":{"_editorskit_title_hidden":false,"_editorskit_reading_time":0,"_editorskit_is_block_options_detached":false,"_editorskit_block_options_position":"{}"},"categories":[5,4],"tags":[],"_links":{"self":[{"href":"https:\/\/www.krutomyval.com\/index.php?rest_route=\/wp\/v2\/posts\/2634"}],"collection":[{"href":"https:\/\/www.krutomyval.com\/index.php?rest_route=\/wp\/v2\/posts"}],"about":[{"href":"https:\/\/www.krutomyval.com\/index.php?rest_route=\/wp\/v2\/types\/post"}],"author":[{"embeddable":true,"href":"https:\/\/www.krutomyval.com\/index.php?rest_route=\/wp\/v2\/users\/1"}],"replies":[{"embeddable":true,"href":"https:\/\/www.krutomyval.com\/index.php?rest_route=%2Fwp%2Fv2%2Fcomments&post=2634"}],"version-history":[{"count":9,"href":"https:\/\/www.krutomyval.com\/index.php?rest_route=\/wp\/v2\/posts\/2634\/revisions"}],"predecessor-version":[{"id":2643,"href":"https:\/\/www.krutomyval.com\/index.php?rest_route=\/wp\/v2\/posts\/2634\/revisions\/2643"}],"wp:attachment":[{"href":"https:\/\/www.krutomyval.com\/index.php?rest_route=%2Fwp%2Fv2%2Fmedia&parent=2634"}],"wp:term":[{"taxonomy":"category","embeddable":true,"href":"https:\/\/www.krutomyval.com\/index.php?rest_route=%2Fwp%2Fv2%2Fcategories&post=2634"},{"taxonomy":"post_tag","embeddable":true,"href":"https:\/\/www.krutomyval.com\/index.php?rest_route=%2Fwp%2Fv2%2Ftags&post=2634"}],"curies":[{"name":"wp","href":"https:\/\/api.w.org\/{rel}","templated":true}]}}