{"id":536,"date":"2014-01-20T20:39:14","date_gmt":"2014-01-20T19:39:14","guid":{"rendered":"http:\/\/www.krutomyval.com\/?p=536"},"modified":"2014-01-21T15:22:25","modified_gmt":"2014-01-21T14:22:25","slug":"krutomyval-negr-buzerant-a-tlustoch-sedi-v-letadle","status":"publish","type":"post","link":"https:\/\/www.krutomyval.com\/?p=536","title":{"rendered":"Krutom\u00fdval: negr, buzerant a tlus\u0165och sed\u00ed v letadle&#8230;."},"content":{"rendered":"<p style=\"text-align: justify;\"><em>n\u00e1sleduj\u00edc\u00ed text je e\u0161t\u011b nevhodn\u011bj\u0161\u00ed pro \u010dten\u00e1\u0159e mlad\u0161\u00ed 18 let ne\u017e obvykle<\/em><\/p>\n<p style=\"text-align: justify;\">1. \u00a0Jedna \u00a0z v\u011bc\u00ed, kter\u00e9 se mi v USA a na USA zna\u010dn\u011b nel\u00edb\u00ed je p\u0159ehnan\u00e1 ochota inspirovat se p\u0159\u00edb\u011bhy Harryho Pottera.<\/p>\n<p style=\"text-align: justify;\">2. Jak jinak si m\u016f\u017eu vysv\u011btlit, \u017ee v dne\u0161n\u00ed dob\u011b existuj\u00ed <em>&#8222;zak\u00e1zan\u00e1 slova<\/em>&#8222;.<!--more--> A t\u00edm nemysl\u00edm pov\u011bstn\u00fdch 7 zak\u00e1zan\u00fdch slov co se nesm\u011bj\u00ed \u0159\u00edkat v televizi <em>(sr\u00e1t, chc\u00e1t, mrdat, kunda, hulibrk, matkomrd a kozy)<\/em>\u00a0 ale slova, kter\u00e1 se nesm\u011bj\u00ed \u0159\u00edkat nikde a nikdy.<\/p>\n<p style=\"text-align: justify;\">3. <em>&#8222;Negr&#8220;<\/em>. U\u017e jen z toho, \u017ee to slovo te\u010f \u0165uk\u00e1m do kl\u00e1vesnice se c\u00edt\u00edm \u0161\u00edlen\u011b provinile a boj\u00edm se, \u017ee m\u011b za to vyhod\u00ed nejen z pr\u00e1ce, ale i ze zem\u011b. \u00a0Je to d\u00edky tomu, jak neskute\u010dnou mas\u00e1\u017e zde \u010dlov\u011bk dost\u00e1v\u00e1 furt a znova, ohledn\u011b toho slova. Nesm\u00ed se toti\u017e pou\u017e\u00edt ani v \u017eertu. Chud\u00e1k Tim Allen m\u011bl n\u011bkde proslov na t\u00e9ma \u017ee by ve sv\u00fdch stand-up (<em>komedi\u00e1ln\u00edch)<\/em> v\u00fdstupech m\u011bl &#8222;<em>m\u00edt pr\u00e1vo<\/em>&#8220; to <em>&#8222;Slovo na<\/em> N&#8220; \u0159\u00edct. Jejda jak ten si nab\u011bhl. Madonna p\u0159ed p\u00e1r dny vystavila na internetu fotku sv\u00e9ho syna, kde ho tak t\u00e9m\u011b\u0159 l\u00e1skypln\u011b titulovala, \u00a0kdy\u017e postovala hl\u00e1\u0161ku<em> &#8222;s t\u00edmhle negrem si nikdo nezahr\u00e1vejte&#8220; <\/em>vedle fotky jak Rocco boxuje<em>.<\/em>\u00a0A n\u00e1sledn\u011b se na jej\u00ed hlavu snesla sn\u016f\u0161ka \u00fatok\u016f a obvi\u0148ov\u00e1n\u00ed z rasismu. Marn\u011b Madonna vysv\u011btlovala \u017ee to myslela na sv\u00e9ho b\u00edl\u00e9ho syna jako pozitivn\u00ed ozna\u010den\u00ed, nakonec se samoz\u0159ejm\u011b musela omluvit a sypat si p\u00edsek na hlavu. B\u011bloch toti\u017e to slovo vyslovit nesm\u00ed nikdy. Ne \u017ee bych jeho u\u017e\u00edv\u00e1n\u00ed jako nad\u00e1vku s\u00e1m schvaloval a nevybavuju si ani p\u0159\u00edle\u017eitost, kdy bych ho pou\u017eil. Ale nen\u00ed to s tou n\u00e1hra\u017ekou u\u017e p\u0159ehnan\u00e9?<\/p>\n<p style=\"text-align: justify;\">4. \u00a0M\u00e1m p\u00e1r kamar\u00e1d\u016f \u010dernoch\u016f. Po t\u0159et\u00edm pan\u00e1ku vodky na kur\u00e1\u017e sem se odv\u00e1\u017eil, \u0161eptem a v temn\u00e9 aleji, aby n\u00e1s nikdo nesly\u0161el ani nevid\u011bl, zeptat jak to teda oni sami vn\u00edmaj\u00ed. \u00a0Bylo mi \u0159e\u010deno, \u017ee pro hodn\u011b lid\u00ed je to symbol b\u00edl\u00e9ho \u00fatisku \u010dernoch\u016f a t\u00edm, \u017ee b\u011blo\u0161i tohle slovo vyslovuj\u00ed, v jak\u00e9mkoliv kontextu, ten \u00fatisk dodate\u010dn\u011b validuj\u00ed. J\u00e1 tuhle rovnici nevid\u00edm tak p\u0159\u00edmo, ale ok, necht\u011bl sem aby m\u011b v t\u00e9 temn\u00e9 aleji neg\u0159i zml\u00e1tili, tak sem s t\u00edm dal pokoj.<\/p>\n<p style=\"text-align: justify;\">5. Dal\u0161\u00edm podobn\u011b tabuizovan\u00fdm slovem je slovo buzerant a tlust\u00fd. Nen\u00ed to samoz\u0159ejm\u011b tak vyhrocen\u00e9, ale tak\u00e9 na to \u010dlov\u011bk mus\u00ed d\u00e1vat pozor.<\/p>\n<p style=\"text-align: justify;\">6. M\u011b ani tak nemrz\u00ed \u017ee nem\u016f\u017eu n\u011bkomu \u0159\u00edct \u017ee je tlustej buzerantskej negr, \u00a0ale \u017ee kdybych se \u0159\u00eddil zdej\u0161\u00edmi pom\u011bry, tak to nem\u016f\u017eu pou\u017e\u00edt ani ve sv\u00e9 tvorb\u011b, a to ani v nads\u00e1zce. Zejm\u00e9na proto, \u017ee s\u00e1m nejsem tlustej buzerantskej negr. Z\u0159ejm\u011b jedin\u011b ti maj\u00ed toti\u017e pr\u00e1vo ta slova pou\u017e\u00edvat. Ale tak\u00e9 n\u00e9 v\u017edy. \u00a0Dle nejnov\u011bj\u0161\u00ed judikatury nem\u016f\u017ee slovo negr pou\u017e\u00edt hanliv\u011b ani \u010dernoch v\u016f\u010di \u010dernochovi. Tedy i od \u010dernocha se to nov\u011b bere u\u017e jako nep\u0159im\u011b\u0159en\u00e1 rasov\u00e1 ur\u00e1\u017eka. Tak rozhodla, (<em>p\u0159ev\u00e1\u017en\u011b b\u00edl\u00e1<\/em>) porota z lidu. Kter\u00e1 se z\u0159ejm\u011b b\u00e1la rozhodnout jinak.<\/p>\n<p style=\"text-align: justify;\">7. Ok, tak\u017ee m\u00edsto Voldemort se \u0159\u00edk\u00e1 &#8222;<em>Ten jeho\u017e jm\u00e9no nevyslovujeme&#8220;<\/em>. Proto\u017ee jinak ho na sebe p\u0159ivol\u00e1me a podporujeme zlo, \u017ee. A m\u00edsto negr se \u0159\u00edk\u00e1\u00a0<em>&#8222;Slovo na N<\/em>&#8222;, proto\u017ee jinak validujeme rasov\u00fd \u00fatisk. Probl\u00e9m je, \u017ee v\u017edycky kdy\u017e sem u Harryho Pottra sly\u0161el <em>&#8222;Ten jeho\u017e jm\u00e9no nevyslovujeme&#8220;<\/em> myslel sem si <em>&#8222;Voldemort<\/em>&#8220; a kdy\u017e sly\u0161\u00edm<em> &#8222;Slovo na N&#8220;<\/em> mysl\u00edm si &#8222;<em>Negr<\/em>&#8220; a nev\u011b\u0159\u00edm \u017ee moc lid\u00ed to m\u00e1 jinak. Tak \u010deho sme vlastn\u011b dos\u00e1hli? Tabuizujeme slova jaksi &#8222;<em>naoko<\/em>&#8222;. \u00a0Ale v hlav\u011b n\u00e1m po\u0159\u00e1d zn\u00ed to &#8222;<em>\u0161patn\u00e9<\/em>&#8220; slovo. Akor\u00e1t se mu \u00a0dala <em>(stejn\u011b jako Voldemortovi<\/em>) jak\u00e1si d\u00e9monicky p\u0159idan\u00e1 hodnota. \u00a0Ud\u011blala se z n\u011bj t\u00edm podle m\u011b je\u0161t\u011b v\u011bt\u0161\u00ed zbra\u0148, obohacen\u00e1 o strach z toho, to slovo vyslovit, a to v jak\u00e9mkoliv kontextu. Nebo nedejbo\u017ee omylem. A v co vlastn\u011b douf\u00e1me? \u017de to slovo zmiz\u00ed naprosto ze slovn\u00edk\u016f? No fajn, ale to by ho do n\u00e1s nesm\u011bli \u010derno\u0161i hustit v hudb\u011b dnes a denn\u011b nap\u0159\u00edklad. Pro\u010d \u00a0ale t\u00edm z\u00e1kazem zvy\u0161ovat to stigma? Z \u00facty k historii? Ze snahy o to &#8222;<em>narovnat situaci<\/em>&#8222;? \u00a0Nen\u00ed to cel\u00e9 sp\u00ed\u0161 jen jeden zvr\u00e1cen\u00fd sociologick\u00fd experiment? Co chud\u00e1ci dal\u0161\u00ed slova na N? Jako t\u0159eba Nikolas?<\/p>\n<p style=\"text-align: justify;\">8. Jak \u0159\u00edk\u00e1 v jednom sv\u00e9m klipu geni\u00e1ln\u00ed Louis CK, stejn\u011b je to akor\u00e1t takov\u00e1 <a href=\"http:\/\/www.youtube.com\/watch?v=dF1NUposXVQ\">ochc\u00e1va\u010dka<\/a>. A u ur\u010dit\u00fdch slov by se lidi nem\u011bli b\u00e1t je vyslovit. Proto\u017ee pr\u00e1v\u011b t\u00edm vysloven\u00edm v jin\u00e9m kontextu jim sebereme tu p\u0159idanou moc. \u00a0S\u00e1m si to teda tak mysl\u00edm. \u00a0Ale nahlas to tady nikde ne\u0159eknu, samoz\u0159ejm\u011b, boj\u00edm se, \u017ee by m\u011b deportovali.<\/p>\n<p style=\"text-align: justify;\">9. Ale jako cynik na sv\u00e9m m\u00edst\u011b si u\u017e\u00edv\u00e1m r\u016fzn\u00e9 spole\u010densky nep\u0159ijateln\u00e9 situace, kdy\u017e se naskytnou n\u00e9 m\u00fdm p\u0159i\u010din\u011bn\u00edm. Jako nap\u0159\u00edklad minul\u00fd t\u00fdden, kdy\u017e sem m\u011bl na videokonferenci klienta z Antwerp. U n\u00e1s v USA sed\u011blo v konferen\u010dn\u00ed m\u00edstnosti asi 7 pr\u00e1vn\u00edk\u016f (<em>v\u0161ichni b\u00edl\u00ed, kdy\u017e nad t\u00edm te\u010f tak uva\u017euju<\/em>) a mus\u00edm \u0159\u00edct \u017ee tak rychl\u00e9 st\u0159\u00edd\u00e1n\u00ed barev v obli\u010deji a d\u011bs v o\u010d\u00edch, jako kdy\u017e nic netu\u0161\u00edc\u00ed klient \u0159ekl p\u0159edev\u0161ema slovo &#8222;<em>Negro<\/em>&#8220; (<em>vysloveno jako &#8222;n\u00fdgrou&#8220;<\/em>), sem dlouho nevid\u011bl. Mluvil o tom jak\u00e9 r\u016fzn\u00e9 odpov\u011bdi se m\u016f\u017eou vyskytovat v dotazn\u00edku, kter\u00fd chce d\u00e1t sv\u00fdm zam\u011bstnanc\u016fm ohledn\u011b jejich etnick\u00e9 p\u0159\u00edslu\u0161nosti a neum\u011bl moc dob\u0159e anglicky. Musel sem se t\u011bm zd\u011b\u0161en\u00fdm pan\u00e1k\u016fm kolem sebe zasm\u00e1t. Ta panika, ten stud, ta hr\u016fza co tam nastala. Aby \u00a0n\u00e1hodou n\u011bkdo n\u011bkoho nemohl obvinit z rasismu. Samoz\u0159ejm\u011b sem se zasm\u00e1l jen v duchu, proto\u017ee nechci j\u00edt na kobere\u010dek k v\u00edceprezidentovi p\u0159es pracovn\u00ed mor\u00e1lku, kde u\u017e sem jednou byl kv\u016fli tomu, \u017ee sem m\u011bl na telefonu zn\u011blku cituj\u00edc\u00ed slova <em>&#8222;mulatto butts<\/em>&#8220; a nazna\u010duj\u00edc\u00ed, jak m\u00e1m zadky mulatek r\u00e1d. \u0160a\u0161ci.<\/p>\n<p style=\"text-align: justify;\">10. Tak\u017ee, jak to dopadne kdy\u017e je negr, buzerant a tlus\u0165och v letadle? Nebo na pust\u00fdm ostrov\u011b? \u00a0Pokud to budu vypr\u00e1v\u011bt podle m\u00edstn\u00edho dikt\u00e1tu, bude to zn\u00edt takhle: Africk\u00fd Ameri\u010dan, homosexu\u00e1l a \u010dlov\u011bk s nezdrav\u011b vysok\u00fdm BMI ztroskotali na pust\u00e9m ostrov\u011b. Sed\u00ed na p\u00edsku a koukaj\u00ed na sebe. Homosexu\u00e1l si \u0159\u00edk\u00e1: to je v pohod\u011b, j\u00e1 si vyberu. \u010clov\u011bk s nezdrav\u011b vysok\u00fdm BMI si \u0159\u00edk\u00e1: to je v pohod\u011b, j\u00e1 dlouho vydr\u017e\u00edm. A afroameri\u010dan si \u0159\u00edk\u00e1: A kurva, tak to bude zase na negrovi, aby naporcoval tlus\u0165ocha a serv\u00edroval ho tomu buzerantovi.<\/p>\n","protected":false},"excerpt":{"rendered":"<p>n\u00e1sleduj\u00edc\u00ed text je e\u0161t\u011b nevhodn\u011bj\u0161\u00ed pro \u010dten\u00e1\u0159e mlad\u0161\u00ed 18 let ne\u017e obvykle 1. \u00a0Jedna \u00a0z v\u011bc\u00ed, kter\u00e9 se mi v USA a na USA zna\u010dn\u011b nel\u00edb\u00ed je p\u0159ehnan\u00e1 ochota inspirovat se p\u0159\u00edb\u011bhy Harryho Pottera. 2. Jak jinak si m\u016f\u017eu vysv\u011btlit, \u017ee v dne\u0161n\u00ed dob\u011b existuj\u00ed &#8222;zak\u00e1zan\u00e1 slova&#8222;.<\/p>\n","protected":false},"author":1,"featured_media":0,"comment_status":"open","ping_status":"open","sticky":false,"template":"","format":"standard","meta":{"_editorskit_title_hidden":false,"_editorskit_reading_time":0,"_editorskit_is_block_options_detached":false,"_editorskit_block_options_position":"{}"},"categories":[4],"tags":[],"_links":{"self":[{"href":"https:\/\/www.krutomyval.com\/index.php?rest_route=\/wp\/v2\/posts\/536"}],"collection":[{"href":"https:\/\/www.krutomyval.com\/index.php?rest_route=\/wp\/v2\/posts"}],"about":[{"href":"https:\/\/www.krutomyval.com\/index.php?rest_route=\/wp\/v2\/types\/post"}],"author":[{"embeddable":true,"href":"https:\/\/www.krutomyval.com\/index.php?rest_route=\/wp\/v2\/users\/1"}],"replies":[{"embeddable":true,"href":"https:\/\/www.krutomyval.com\/index.php?rest_route=%2Fwp%2Fv2%2Fcomments&post=536"}],"version-history":[{"count":26,"href":"https:\/\/www.krutomyval.com\/index.php?rest_route=\/wp\/v2\/posts\/536\/revisions"}],"predecessor-version":[{"id":562,"href":"https:\/\/www.krutomyval.com\/index.php?rest_route=\/wp\/v2\/posts\/536\/revisions\/562"}],"wp:attachment":[{"href":"https:\/\/www.krutomyval.com\/index.php?rest_route=%2Fwp%2Fv2%2Fmedia&parent=536"}],"wp:term":[{"taxonomy":"category","embeddable":true,"href":"https:\/\/www.krutomyval.com\/index.php?rest_route=%2Fwp%2Fv2%2Fcategories&post=536"},{"taxonomy":"post_tag","embeddable":true,"href":"https:\/\/www.krutomyval.com\/index.php?rest_route=%2Fwp%2Fv2%2Ftags&post=536"}],"curies":[{"name":"wp","href":"https:\/\/api.w.org\/{rel}","templated":true}]}}